{"id":2203,"date":"2017-03-15T11:14:14","date_gmt":"2017-03-15T11:14:14","guid":{"rendered":"http:\/\/oberstedten.info\/?p=2203"},"modified":"2023-11-10T17:36:26","modified_gmt":"2023-11-10T17:36:26","slug":"oberstedter-apfelpark","status":"publish","type":"post","link":"https:\/\/oberstedten.info\/?p=2203","title":{"rendered":"Oberstedter Apfelpark"},"content":{"rendered":"[et_pb_section fb_built=&#8220;1&#8243; admin_label=&#8220;section&#8220; _builder_version=&#8220;3.22&#8243;][et_pb_row admin_label=&#8220;row&#8220; _builder_version=&#8220;3.25&#8243; background_size=&#8220;initial&#8220; background_position=&#8220;top_left&#8220; background_repeat=&#8220;repeat&#8220;][et_pb_column type=&#8220;4_4&#8243; _builder_version=&#8220;3.25&#8243; custom_padding=&#8220;|||&#8220; custom_padding__hover=&#8220;|||&#8220;][et_pb_text admin_label=&#8220;Apfelpark-Text mit Bildern&#8220; _builder_version=&#8220;4.5.3&#8243; background_size=&#8220;initial&#8220; background_position=&#8220;top_left&#8220; background_repeat=&#8220;repeat&#8220; hover_enabled=&#8220;0&#8243; border_style=&#8220;solid&#8220;]\n<h5>\u00a0 Der Oberstedter \u00c4ppelpark<\/h5>\n<p><img loading=\"lazy\" decoding=\"async\" class=\"wp-image-1385 alignnone\" src=\"https:\/\/oberstedten.info\/wp-content\/uploads\/2017\/01\/ICONC063-e1483878233268.png\" alt=\"\" width=\"41\" height=\"39\" \/>\u00a0 Seit mehr als 15 Jahren hat Oberstedten einen \u00c4ppelpark. Die kleine Wiesenfl\u00e4che gegen\u00fcber dem REWE-Markt war urspr\u00fcnglich mit Laubb\u00e4umchen bepflanzt worden, als der Ortseingang im Zusammenhang mit der Erstellung eines \u00f6ffentlichen Parkplatzes neu gestaltet wurde. Die kleinen Ah\u00f6rner und andere Laubb\u00e4umchen gingen aber bald ein. Oberstedter Politiker und der Vereinsring hatten die Idee, mit einem \u00c4ppelpark an die vielen Streuobstwiesen zu erinnern, die fr\u00fcher um ganz Oberstedten herum verteilt waren und bewirtschaftet wurden. Gleichzeitig sollte auch etwas f\u00fcr den Erhalt alter Apfelsorten getan werden. Die Idee wurde mit Hilfe vieler Spender und Kennern alter Apfelsorten schnell umgesetzt. Auf einem Findling erinnert eine Bronzetafel an die hilfsbereiten Spender.<br \/><img loading=\"lazy\" decoding=\"async\" class=\"wp-image-2733 alignright\" src=\"https:\/\/oberstedten.info\/wp-content\/uploads\/2017\/03\/Apfelpark-2019-1-300x157.png\" alt=\"\" width=\"419\" height=\"219\" \/><\/p>\n<p>Obwohl der kleine Park direkt an der Stra\u00dfe am Ortseingang gegen\u00fcber dem neuen REWE-Markt liegt, ist der \u00c4ppelpark nicht nur ein kleines \u00f6kologisches Refugium, sondern auch ein p\u00e4dagogisch nutzbares Kleinod. Hier k\u00f6nnen Gro\u00df und Klein ein Gef\u00fchl f\u00fcr die Vielfalt der Natur und unser bestes und ges\u00fcndestes Obst finden (Sprichwort: &#8222;One apple a Day keeps the doctor away&#8220; &#8211; Ein Apfel am Tag erspart den Doktor).<br \/>Hier findet man fast\u00a030 Apfelb\u00e4ume. In der Mitte (Nr. 12) steht ein heute seltener Speierling, der kein Apfelbaum sondern eine Ebereschenart\u00a0ist. Aber die kleinen birnenf\u00f6rmigen Fr\u00fcchte wurden immer schon gern dem Apfelwein zugesetzt, um ihn klarer und haltbarer zu machen und ihm geschmacklich den letzten Kick f\u00fcr echte Liebhaber des \u00c4pplers\u00a0 zu geben.<br \/><img loading=\"lazy\" decoding=\"async\" class=\"wp-image-2726 alignleft\" src=\"https:\/\/oberstedten.info\/wp-content\/uploads\/2017\/03\/Keltern-vor-Ort-2019-300x225.png\" alt=\"\" width=\"419\" height=\"314\" \/>Vor dem \u00c4ppelpark feiern Vertreter aus der Politik, den Vereinen und interessierte B\u00fcrger im Mai gerne das Apfelbl\u00fctenfest mit Grillw\u00fcrstchen und Getr\u00e4nken, wobei ein guter Apfelwein nicht fehlen darf. Manchmal werden im \u00c4ppelpark auch Baumschnittkurse f\u00fcr Hobbyg\u00e4rtner durchgef\u00fchrt und dabei die Apfelb\u00e4ume des Parks zur\u00fcck geschnitten. Seit 2019 k\u00fcmmert sich die\u00a0 &gt;&gt; <a href=\"http:\/\/www.buergerstiftung-oberstedten.de\">B\u00fcrgerstiftung Oberstedten<\/a> um den \u00c4ppelpark, organisiert den R\u00fcckschnitt der B\u00e4ume und keltert auch vor Ort die vielen \u00c4pfel. Wer vorbeikommt und mithilft, bekommt auch allerbesten frischen S\u00fc\u00dfen, wenn er eine leere Flasche mitbringt.\u00a0 Allerdings kann nicht jeder die Apfelb\u00e4ume einfach abernten. Die \u00c4pfel k\u00f6nnen von denen verwertet werden, die den \u00c4ppelpark pflegen. Aber niemand hat etwas dagegen, wenn ein paar \u00c4pfel probiert werden, die einen bei einem Besuch des Apfelparks im Herbst anlachen.<\/p>\n<p>\u200bNeben B\u00e4nken zum Ausruhen findet man auch ein geschichtstr\u00e4chtiges Originalst\u00fcck der Berliner Mauer zum Gedenken an den Mauerfall am 9. November 1989 und die<\/p>\n<p><img loading=\"lazy\" decoding=\"async\" class=\"wp-image-2820 size-medium alignright\" src=\"https:\/\/oberstedten.info\/wp-content\/uploads\/2017\/03\/Denkmal-zum-Mauerfall-Aktion-2020-sm-225x300.png\" alt=\"\" width=\"225\" height=\"300\" \/><\/p>\n<p>Deutsche Einheit mit dem Ende des Kalten Krieges am 3. Oktober 1990 (vor Baum Nr. 25). Das Mauerfalldenkmal wurde zuletzt von Mitgliedern des Geschichts- und Kulturkreises Oberstedten gestaltet.<br \/>Auch der &#8222;Stedter Wetterstein&#8220; wird gerne besucht, denn er bestimmt f\u00fcr den Betrachter zuverl\u00e4ssig das Stedter Wetter, zumindest das aktuelle (vor Baum Nr. 28).<\/p>\n<p>Nat\u00fcrlich sind die besten Zeiten zum Besuch des \u00c4ppelparks Ende April bis Mitte Mai, wenn die Apfelb\u00e4ume bl\u00fchen oder im Herbst ab Mitte September, wenn die B\u00e4ume ihre Fr\u00fcchte tragen.<\/p>\n<div id=\"attachment_2825\" style=\"width: 310px\" class=\"wp-caption alignnone\"><img loading=\"lazy\" decoding=\"async\" aria-describedby=\"caption-attachment-2825\" class=\"wp-image-2825 size-medium\" src=\"https:\/\/oberstedten.info\/wp-content\/uploads\/2017\/03\/IMG_2110-sm-300x216.png\" alt=\"\" width=\"300\" height=\"216\" \/><p id=\"caption-attachment-2825\" class=\"wp-caption-text\"><strong>&#8222;Sommerbiergarten&#8220;<\/strong> der B\u00fcrgerstiftung Oberstedten im September 2020. Der &#8222;Sommerbiergarten&#8220; findet immer Anfang September statt.<\/p><\/div>\n<p>Bei einer Aktion von Vertretern der B\u00fcrgerstiftung und freiwilligen Helfern, die sich schon l\u00e4nger mit der Reaktivierung von alten Streuobstwiesen befassen, wurden zu dicht gepflanzte B\u00e4ume herausgenommen und ein &#8222;Kaiser Wilhelm&#8220;, der bisher auf der Fl\u00e4che fehlte, neu gepflanzt. Abgebrochene \u00c4ste wurden entfernt und die krumm wachsende Quitte aufgerichtet und mit stabilen Baumpf\u00e4hlen fachgerecht befestigt. Am Schluss wurde noch der hervorragende neue Apfelwein getestet, der im Herbst aus \u00c4pfeln des \u00c4ppelparks gekeltert worden war.<\/p>\n<p><img loading=\"lazy\" decoding=\"async\" class=\"wp-image-2745 alignnone\" src=\"https:\/\/oberstedten.info\/wp-content\/uploads\/2017\/03\/Apfelpark_1-300x225.jpg\" alt=\"\" width=\"304\" height=\"228\" \/><\/p>\n<p><strong>Am Samstag, 24.02.2024 um 9.30 Uhr <\/strong>f\u00fchrt die B\u00fcrgerstiftung Oberstedten unter der Leitung von Michael Planer wieder einen <strong>Obstbaum-Schnittkurs<\/strong> mit dem Fachberater Dieter Hoffmann (KGV Oberursel) als Experten durch, wenn sich gen\u00fcgend Teilnehmer melden. Apfelb\u00e4ume werden in Form geschnitten. Dabei wird viel f\u00fcr weitere Schnittarbeiten gelernt. Berge an Schnittgut werden mit einem gro\u00dfen Traktor-H\u00e4cksler klein geh\u00e4ckselt.<\/p>\n<p>Die\u00a0<strong>Aktion &#8222;\u00c4pfel keltern am \u00c4ppelpark&#8220;<\/strong>, die 2019 bei herrlichem Wetter erstmals erfolgte, mehrmals im September und Anfang Oktober statt. Interessierte Oberstedter k\u00f6nnen beim Sammeln von \u00c4pfeln helfen und daf\u00fcr mit frischem S\u00fc\u00dfen nach Hause gehen.<\/p>\n<h3><strong>Welche Apfelsorten wachsen im \u00c4ppelpark?<\/strong><\/h3>\n<p>Die Karte und die Infoleiste unten helfen, Informationen \u00fcber die alten Apfelsorten des \u00c4ppelparks zu bekommen.<\/p>\n<p><img loading=\"lazy\" decoding=\"async\" class=\"wp-image-2885 alignnone size-full\" src=\"https:\/\/oberstedten.info\/wp-content\/uploads\/2017\/03\/Apfelpark2021-sm-1.jpg\" alt=\"\" width=\"1920\" height=\"1504\" srcset=\"https:\/\/oberstedten.info\/wp-content\/uploads\/2017\/03\/Apfelpark2021-sm-1.jpg 1920w, https:\/\/oberstedten.info\/wp-content\/uploads\/2017\/03\/Apfelpark2021-sm-1-1280x1003.jpg 1280w, https:\/\/oberstedten.info\/wp-content\/uploads\/2017\/03\/Apfelpark2021-sm-1-980x768.jpg 980w, https:\/\/oberstedten.info\/wp-content\/uploads\/2017\/03\/Apfelpark2021-sm-1-480x376.jpg 480w\" sizes=\"auto, (min-width: 0px) and (max-width: 480px) 480px, (min-width: 481px) and (max-width: 980px) 980px, (min-width: 981px) and (max-width: 1280px) 1280px, (min-width: 1281px) 1920px, 100vw\" \/><\/p>\n<p>&nbsp;<\/p>\n[\/et_pb_text][et_pb_text _builder_version=&#8220;3.27.4&#8243; background_size=&#8220;initial&#8220; background_position=&#8220;top_left&#8220; background_repeat=&#8220;repeat&#8220; use_border_color=&#8220;off&#8220; border_color=&#8220;#ffffff&#8220; border_style=&#8220;solid&#8220;]\n<h5><strong><br \/>\nAlte Apfelsorten im Oberstedter Apfelpark<br \/>\n<\/strong><br \/>\nInfos\u00a0\u00fcber die\u00a0B\u00e4ume:<\/h5>\n<p>&nbsp;<br \/>\n[\/et_pb_text][et_pb_text _builder_version=&#8220;3.27.4&#8243; background_size=&#8220;initial&#8220; background_position=&#8220;top_left&#8220; background_repeat=&#8220;repeat&#8220; use_border_color=&#8220;off&#8220; border_color=&#8220;#ffffff&#8220; border_style=&#8220;solid&#8220;]\r\n\t\t<div class=\"wphtsp-slider-wrp wphtsp-clearfix\">\r\n\t\t\t<div class=\"wphtsp-slider-inner-wrp wphtsp-slider-design-5 wphtsp-clearfix\">\r\n\t\t\t\t<div id=\"wphtsp-slider-nav-1\" class=\"wphtsp-slider-nav wphtsp-slick-slider\" data-slider-nav-for='wphtsp-slider-for-1'>\n\t\t\t<div class=\"wphtsp-slider-nav-title\">\n\t\t\t<div class=\"wphtsp-title\">Baum 1<\/div>\n\t\t\t<div class=\"wphtsp-main-title\"><button><\/button><\/div>\n\t\t<\/div>\n\t\t\t<div class=\"wphtsp-slider-nav-title\">\n\t\t\t<div class=\"wphtsp-title\">Baum 2<\/div>\n\t\t\t<div class=\"wphtsp-main-title\"><button><\/button><\/div>\n\t\t<\/div>\n\t\t\t<div class=\"wphtsp-slider-nav-title\">\n\t\t\t<div class=\"wphtsp-title\">Baum 3<\/div>\n\t\t\t<div class=\"wphtsp-main-title\"><button><\/button><\/div>\n\t\t<\/div>\n\t\t\t<div class=\"wphtsp-slider-nav-title\">\n\t\t\t<div class=\"wphtsp-title\">Baum 4<\/div>\n\t\t\t<div class=\"wphtsp-main-title\"><button><\/button><\/div>\n\t\t<\/div>\n\t\t\t<div class=\"wphtsp-slider-nav-title\">\n\t\t\t<div class=\"wphtsp-title\">Baum 5<\/div>\n\t\t\t<div class=\"wphtsp-main-title\"><button><\/button><\/div>\n\t\t<\/div>\n\t\t\t<div class=\"wphtsp-slider-nav-title\">\n\t\t\t<div class=\"wphtsp-title\">Baum 6<\/div>\n\t\t\t<div class=\"wphtsp-main-title\"><button><\/button><\/div>\n\t\t<\/div>\n\t\t\t<div class=\"wphtsp-slider-nav-title\">\n\t\t\t<div class=\"wphtsp-title\">Baum 7<\/div>\n\t\t\t<div class=\"wphtsp-main-title\"><button><\/button><\/div>\n\t\t<\/div>\n\t\t\t<div class=\"wphtsp-slider-nav-title\">\n\t\t\t<div class=\"wphtsp-title\">Baum 8<\/div>\n\t\t\t<div class=\"wphtsp-main-title\"><button><\/button><\/div>\n\t\t<\/div>\n\t\t\t<div class=\"wphtsp-slider-nav-title\">\n\t\t\t<div class=\"wphtsp-title\">Baum 9<\/div>\n\t\t\t<div class=\"wphtsp-main-title\"><button><\/button><\/div>\n\t\t<\/div>\n\t\t\t<div class=\"wphtsp-slider-nav-title\">\n\t\t\t<div class=\"wphtsp-title\">Baum 10<\/div>\n\t\t\t<div class=\"wphtsp-main-title\"><button><\/button><\/div>\n\t\t<\/div>\n\t\t\t<div class=\"wphtsp-slider-nav-title\">\n\t\t\t<div class=\"wphtsp-title\">Baum 11<\/div>\n\t\t\t<div class=\"wphtsp-main-title\"><button><\/button><\/div>\n\t\t<\/div>\n\t\t\t<div class=\"wphtsp-slider-nav-title\">\n\t\t\t<div class=\"wphtsp-title\">Baum 12<\/div>\n\t\t\t<div class=\"wphtsp-main-title\"><button><\/button><\/div>\n\t\t<\/div>\n\t\t\t<div class=\"wphtsp-slider-nav-title\">\n\t\t\t<div class=\"wphtsp-title\">Baum 13<\/div>\n\t\t\t<div class=\"wphtsp-main-title\"><button><\/button><\/div>\n\t\t<\/div>\n\t\t\t<div class=\"wphtsp-slider-nav-title\">\n\t\t\t<div class=\"wphtsp-title\">Baum 14<\/div>\n\t\t\t<div class=\"wphtsp-main-title\"><button><\/button><\/div>\n\t\t<\/div>\n\t\t\t<div class=\"wphtsp-slider-nav-title\">\n\t\t\t<div class=\"wphtsp-title\">Baum 15<\/div>\n\t\t\t<div class=\"wphtsp-main-title\"><button><\/button><\/div>\n\t\t<\/div>\n\t\t\t<div class=\"wphtsp-slider-nav-title\">\n\t\t\t<div class=\"wphtsp-title\">Baum 16<\/div>\n\t\t\t<div class=\"wphtsp-main-title\"><button><\/button><\/div>\n\t\t<\/div>\n\t\t\t<div class=\"wphtsp-slider-nav-title\">\n\t\t\t<div class=\"wphtsp-title\">Baum 17<\/div>\n\t\t\t<div class=\"wphtsp-main-title\"><button><\/button><\/div>\n\t\t<\/div>\n\t\t\t<div class=\"wphtsp-slider-nav-title\">\n\t\t\t<div class=\"wphtsp-title\">Baum 18<\/div>\n\t\t\t<div class=\"wphtsp-main-title\"><button><\/button><\/div>\n\t\t<\/div>\n\t\t\t<div class=\"wphtsp-slider-nav-title\">\n\t\t\t<div class=\"wphtsp-title\">Baum 19<\/div>\n\t\t\t<div class=\"wphtsp-main-title\"><button><\/button><\/div>\n\t\t<\/div>\n\t\t\t<div class=\"wphtsp-slider-nav-title\">\n\t\t\t<div class=\"wphtsp-title\">Baum 20<\/div>\n\t\t\t<div class=\"wphtsp-main-title\"><button><\/button><\/div>\n\t\t<\/div>\n\t\t\t<div class=\"wphtsp-slider-nav-title\">\n\t\t\t<div class=\"wphtsp-title\">Baum 21<\/div>\n\t\t\t<div class=\"wphtsp-main-title\"><button><\/button><\/div>\n\t\t<\/div>\n\t\t\t<div class=\"wphtsp-slider-nav-title\">\n\t\t\t<div class=\"wphtsp-title\">Baum 22<\/div>\n\t\t\t<div class=\"wphtsp-main-title\"><button><\/button><\/div>\n\t\t<\/div>\n\t\t\t<div class=\"wphtsp-slider-nav-title\">\n\t\t\t<div class=\"wphtsp-title\">Baum 23<\/div>\n\t\t\t<div class=\"wphtsp-main-title\"><button><\/button><\/div>\n\t\t<\/div>\n\t\t\t<div class=\"wphtsp-slider-nav-title\">\n\t\t\t<div class=\"wphtsp-title\">Baum 24<\/div>\n\t\t\t<div class=\"wphtsp-main-title\"><button><\/button><\/div>\n\t\t<\/div>\n\t\t\t<div class=\"wphtsp-slider-nav-title\">\n\t\t\t<div class=\"wphtsp-title\">Baum 25<\/div>\n\t\t\t<div class=\"wphtsp-main-title\"><button><\/button><\/div>\n\t\t<\/div>\n\t\t\t<div class=\"wphtsp-slider-nav-title\">\n\t\t\t<div class=\"wphtsp-title\">Baum 26\/27<\/div>\n\t\t\t<div class=\"wphtsp-main-title\"><button><\/button><\/div>\n\t\t<\/div>\n\t<\/div>\n\n<div class=\"wphtsp-slider-for-1 wphtsp-slider-for wphtsp-slick-slider\">\n\t\t\t<div class=\"wphtsp-slider-nav-content\">\n\t\t\t<div class=\"wphtsp-slider-nav-wrapper wphtsp-img-bottom\" style=\"background:#ffffff\">\n\t\t\t\t\t\t\t\t\t<div class=\"wphtsp-content-wrapper\">\t\t\n\n\t\t\t\t\t\t\n\t\t\t\t\t\t\t\n\t\t\t\t\t\t\t<div class=\"wphtsp-content\">\n\t\t\t\t\t\t\t\t\t\t\t\t\t\t\t\t\t<div class=\"wphtsp-tl-content\" style=\"color:#424242\">\u25ca\u00a0D\u00fclmener Herbstrosenapfel\u00a0\u25ca\u00a0\u00a0&gt;&gt; Tafelapfel, um 1870 bei D\u00fclmen\/Westfalen gefunden, Pfl\u00fcckreife Mitte September, genussreif bis Mitte November, saftig mit aromatisch milder S\u00e4ure<\/div>\t\t\n\t\t\t\t\t\t\t\t\t\t\t\t\t\t\t\t<\/div>\n\t\t\t\t\t\t\t\t\t\t\t<\/div>\n\t\t\t\t\t<div class=\"wphtsp-feature-img\">\n\t\t\t\t\t\t\t\t\t\t\t<\/div>\n\t\t\t\t\t\t\t<\/div>\n\t\t<\/div>\n\t\t\t<div class=\"wphtsp-slider-nav-content\">\n\t\t\t<div class=\"wphtsp-slider-nav-wrapper wphtsp-img-bottom\" style=\"background:#ffffff\">\n\t\t\t\t\t\t\t\t\t<div class=\"wphtsp-content-wrapper\">\t\t\n\n\t\t\t\t\t\t\n\t\t\t\t\t\t\t\n\t\t\t\t\t\t\t<div class=\"wphtsp-content\">\n\t\t\t\t\t\t\t\t\t\t\t\t\t\t\t\t\t<div class=\"wphtsp-tl-content\" style=\"color:#424242\">\u25ca Gelber Edelapfel\u00a0\u25ca\u00a0\u00a0&gt;&gt; Back- und Dessertapfel\/K\u00fcchenapfel, Zufallss\u00e4mling aus England 1820, pfl\u00fcckreif Ende September, genussreif bis Januar, feinw\u00fcrzige bis kr\u00e4ftige S\u00e4ure, reich an Vitamin C<\/div>\t\t\n\t\t\t\t\t\t\t\t\t\t\t\t\t\t\t\t<\/div>\n\t\t\t\t\t\t\t\t\t\t\t<\/div>\n\t\t\t\t\t<div class=\"wphtsp-feature-img\">\n\t\t\t\t\t\t\t\t\t\t\t<\/div>\n\t\t\t\t\t\t\t<\/div>\n\t\t<\/div>\n\t\t\t<div class=\"wphtsp-slider-nav-content\">\n\t\t\t<div class=\"wphtsp-slider-nav-wrapper wphtsp-img-bottom\" style=\"background:#ffffff\">\n\t\t\t\t\t\t\t\t\t<div class=\"wphtsp-content-wrapper\">\t\t\n\n\t\t\t\t\t\t\n\t\t\t\t\t\t\t\n\t\t\t\t\t\t\t<div class=\"wphtsp-content\">\n\t\t\t\t\t\t\t\t\t\t\t\t\t\t\t\t\t<div class=\"wphtsp-tl-content\" style=\"color:#424242\">\u25ca Danziger Kantapfel\u00a0\u25ca\u00a0 &gt;&gt; auch Schw\u00e4bischer Rosenapfel oder Liebesapfel,\u00a0 Tafelapfel, druckempfindlich, sehr alte Sorte unbekannter Herkunft, schon 1760 beschrieben, pfl\u00fcckreif Ende September, genussreif bis Dezember, saftig, s\u00e4uerlich<\/div>\t\t\n\t\t\t\t\t\t\t\t\t\t\t\t\t\t\t\t<\/div>\n\t\t\t\t\t\t\t\t\t\t\t<\/div>\n\t\t\t\t\t<div class=\"wphtsp-feature-img\">\n\t\t\t\t\t\t\t\t\t\t\t<\/div>\n\t\t\t\t\t\t\t<\/div>\n\t\t<\/div>\n\t\t\t<div class=\"wphtsp-slider-nav-content\">\n\t\t\t<div class=\"wphtsp-slider-nav-wrapper wphtsp-img-bottom\" style=\"background:#ffffff\">\n\t\t\t\t\t\t\t\t\t<div class=\"wphtsp-content-wrapper\">\t\t\n\n\t\t\t\t\t\t\n\t\t\t\t\t\t\t\n\t\t\t\t\t\t\t<div class=\"wphtsp-content\">\n\t\t\t\t\t\t\t\t\t\t\t\t\t\t\t\t\t<div class=\"wphtsp-tl-content\" style=\"color:#424242\">\u25ca Hauxapfel\u00a0\u25ca\u00a0\u00a0&gt;&gt; Wirtschaftsapfel\/Fallobst zur weiteren Verarbeitung als Kelterapfel, 1920 aus Roter Trierer Weinapfel gez\u00fcchtet, pfl\u00fcckreif ab Mitte Oktober, lager- und verarbeitungsf\u00e4hig bis M\u00e4rz, wenig saftig und fest, sp\u00e4ter m\u00fcrbe mit fruchtigem hohen\u00a0S\u00e4uregehalt<\/div>\t\t\n\t\t\t\t\t\t\t\t\t\t\t\t\t\t\t\t<\/div>\n\t\t\t\t\t\t\t\t\t\t\t<\/div>\n\t\t\t\t\t<div class=\"wphtsp-feature-img\">\n\t\t\t\t\t\t\t\t\t\t\t<\/div>\n\t\t\t\t\t\t\t<\/div>\n\t\t<\/div>\n\t\t\t<div class=\"wphtsp-slider-nav-content\">\n\t\t\t<div class=\"wphtsp-slider-nav-wrapper wphtsp-img-bottom\" style=\"background:#ffffff\">\n\t\t\t\t\t\t\t\t\t<div class=\"wphtsp-content-wrapper\">\t\t\n\n\t\t\t\t\t\t\n\t\t\t\t\t\t\t\n\t\t\t\t\t\t\t<div class=\"wphtsp-content\">\n\t\t\t\t\t\t\t\t\t\t\t\t\t\t\t\t\t<div class=\"wphtsp-tl-content\" style=\"color:#424242\">\u25ca Gravensteiner\u00a0\u25ca\u00a0\u00a0&gt;&gt; Tafelapfel, Brennfrucht, Herkunft unklar, seit 1669 bekannt, pfl\u00fcckreif Anfang September, haltbar bis November, hervorragender Geruch, edelaromatisch<\/div>\t\t\n\t\t\t\t\t\t\t\t\t\t\t\t\t\t\t\t<\/div>\n\t\t\t\t\t\t\t\t\t\t\t<\/div>\n\t\t\t\t\t<div class=\"wphtsp-feature-img\">\n\t\t\t\t\t\t\t\t\t\t\t<\/div>\n\t\t\t\t\t\t\t<\/div>\n\t\t<\/div>\n\t\t\t<div class=\"wphtsp-slider-nav-content\">\n\t\t\t<div class=\"wphtsp-slider-nav-wrapper wphtsp-img-bottom\" style=\"background:#ffffff\">\n\t\t\t\t\t\t\t\t\t<div class=\"wphtsp-content-wrapper\">\t\t\n\n\t\t\t\t\t\t\n\t\t\t\t\t\t\t\n\t\t\t\t\t\t\t<div class=\"wphtsp-content\">\n\t\t\t\t\t\t\t\t\t\t\t\t\t\t\t\t\t<div class=\"wphtsp-tl-content\" style=\"color:#424242\">\u25ca Ananasrenette\u00a0\u25ca\u00a0\u00a0&gt;&gt; Tafelapfel im Hausgarten, seit 1840 bekannt, pfl\u00fcckreif Ende Oktober, genussreif Februar bis Mai, s\u00e4uerlich-s\u00fc\u00df, wenig aromatisch<\/div>\t\t\n\t\t\t\t\t\t\t\t\t\t\t\t\t\t\t\t<\/div>\n\t\t\t\t\t\t\t\t\t\t\t<\/div>\n\t\t\t\t\t<div class=\"wphtsp-feature-img\">\n\t\t\t\t\t\t\t\t\t\t\t<\/div>\n\t\t\t\t\t\t\t<\/div>\n\t\t<\/div>\n\t\t\t<div class=\"wphtsp-slider-nav-content\">\n\t\t\t<div class=\"wphtsp-slider-nav-wrapper wphtsp-img-bottom\" style=\"background:#ffffff\">\n\t\t\t\t\t\t\t\t\t<div class=\"wphtsp-content-wrapper\">\t\t\n\n\t\t\t\t\t\t\n\t\t\t\t\t\t\t\n\t\t\t\t\t\t\t<div class=\"wphtsp-content\">\n\t\t\t\t\t\t\t\t\t\t\t\t\t\t\t\t\t<div class=\"wphtsp-tl-content\" style=\"color:#424242\">\u25ca Ditzels Rosenapfel\u00a0\u25ca\u00a0\u00a0&gt;&gt; Wirtschafts-\/Kelterapfel, aus Zucht von Marie Ditzel 1890, gef\u00e4hrdete Art (rote Liste), pfl\u00fcckreif ab Mitte Oktober, genussreif von Dezember bis M\u00e4rz, saftig und weins\u00e4uerlich\u00a0<\/div>\t\t\n\t\t\t\t\t\t\t\t\t\t\t\t\t\t\t\t<\/div>\n\t\t\t\t\t\t\t\t\t\t\t<\/div>\n\t\t\t\t\t<div class=\"wphtsp-feature-img\">\n\t\t\t\t\t\t\t\t\t\t\t<\/div>\n\t\t\t\t\t\t\t<\/div>\n\t\t<\/div>\n\t\t\t<div class=\"wphtsp-slider-nav-content\">\n\t\t\t<div class=\"wphtsp-slider-nav-wrapper wphtsp-img-bottom\" style=\"background:#ffffff\">\n\t\t\t\t\t\t\t\t\t<div class=\"wphtsp-content-wrapper\">\t\t\n\n\t\t\t\t\t\t\n\t\t\t\t\t\t\t\n\t\t\t\t\t\t\t<div class=\"wphtsp-content\">\n\t\t\t\t\t\t\t\t\t\t\t\t\t\t\t\t\t<div class=\"wphtsp-tl-content\" style=\"color:#424242\">\u25ca Gravensteiner\u00a0\u25ca\u00a0\u00a0&gt;&gt; Tafelapfel\/Brennfrucht, seit 1669 bekannt, pfl\u00fcckreif\u00a0September, genussreif bis November, edelaromatische Frucht\u00a0mit starkem Geruch<\/div>\t\t\n\t\t\t\t\t\t\t\t\t\t\t\t\t\t\t\t<\/div>\n\t\t\t\t\t\t\t\t\t\t\t<\/div>\n\t\t\t\t\t<div class=\"wphtsp-feature-img\">\n\t\t\t\t\t\t\t\t\t\t\t<\/div>\n\t\t\t\t\t\t\t<\/div>\n\t\t<\/div>\n\t\t\t<div class=\"wphtsp-slider-nav-content\">\n\t\t\t<div class=\"wphtsp-slider-nav-wrapper wphtsp-img-bottom\" style=\"background:#ffffff\">\n\t\t\t\t\t\t\t\t\t<div class=\"wphtsp-content-wrapper\">\t\t\n\n\t\t\t\t\t\t\n\t\t\t\t\t\t\t\n\t\t\t\t\t\t\t<div class=\"wphtsp-content\">\n\t\t\t\t\t\t\t\t\t\t\t\t\t\t\t\t\t<div class=\"wphtsp-tl-content\" style=\"color:#424242\">\u25ca Gew\u00fcrzluikenapfel\u00a0\u25ca\u00a0\u00a0&gt;&gt; Tafel- und Mostapfel, Zufallss\u00e4mling von 1885, pfl\u00fcckreif Mitte Oktober, genussreif bis Dezember, s\u00fc\u00dfaromatisch, sehr saftig<\/div>\t\t\n\t\t\t\t\t\t\t\t\t\t\t\t\t\t\t\t<\/div>\n\t\t\t\t\t\t\t\t\t\t\t<\/div>\n\t\t\t\t\t<div class=\"wphtsp-feature-img\">\n\t\t\t\t\t\t\t\t\t\t\t<\/div>\n\t\t\t\t\t\t\t<\/div>\n\t\t<\/div>\n\t\t\t<div class=\"wphtsp-slider-nav-content\">\n\t\t\t<div class=\"wphtsp-slider-nav-wrapper wphtsp-img-bottom\" style=\"background:#ffffff\">\n\t\t\t\t\t\t\t\t\t<div class=\"wphtsp-content-wrapper\">\t\t\n\n\t\t\t\t\t\t\n\t\t\t\t\t\t\t\n\t\t\t\t\t\t\t<div class=\"wphtsp-content\">\n\t\t\t\t\t\t\t\t\t\t\t\t\t\t\t\t\t<div class=\"wphtsp-tl-content\" style=\"color:#424242\">\u25ca Roter Berlepsch\u00a0\u25ca\u00a0\u00a0&gt;&gt; Tafelapfel, Z\u00fcchtung von 1880, pfl\u00fcckreif Ende September,\u00a0genussreif Januar bis M\u00e4rz, sehr saftig, erfrischend, au\u00dferordentlich kr\u00e4ftig gew\u00fcrzt, sehr\u00a0hoher Vitamin-C-Gehalt<\/div>\t\t\n\t\t\t\t\t\t\t\t\t\t\t\t\t\t\t\t<\/div>\n\t\t\t\t\t\t\t\t\t\t\t<\/div>\n\t\t\t\t\t<div class=\"wphtsp-feature-img\">\n\t\t\t\t\t\t\t\t\t\t\t<\/div>\n\t\t\t\t\t\t\t<\/div>\n\t\t<\/div>\n\t\t\t<div class=\"wphtsp-slider-nav-content\">\n\t\t\t<div class=\"wphtsp-slider-nav-wrapper wphtsp-img-bottom\" style=\"background:#ffffff\">\n\t\t\t\t\t\t\t\t\t<div class=\"wphtsp-content-wrapper\">\t\t\n\n\t\t\t\t\t\t\n\t\t\t\t\t\t\t\n\t\t\t\t\t\t\t<div class=\"wphtsp-content\">\n\t\t\t\t\t\t\t\t\t\t\t\t\t\t\t\t\t<div class=\"wphtsp-tl-content\" style=\"color:#424242\">\u25ca Speierling\u00a0\u25ca\u00a0\u00a0&gt;&gt; auch Sporapfel genannt, ist aber kein Apfelbaum (Ebereschenart, wie Vogelbeere),\u00a0seit der Antike als Nahrungsmittel gesch\u00e4tzt, die R\u00f6mer sorgten f\u00fcr eine zus\u00e4tzliche Verbreitung n\u00f6rdlich der Alpen, eine der seltensten Baumarten in Deutschland,\u00a0\u00a0r\u00fcckl\u00e4ufiger Bestand, wegen seiner im Vorreifezustand gerbstoffreichen Fr\u00fcchte wird der Saft\u00a0im Frankfurter Raum\u00a0manchmal bei der Herstellung von Apfelwein in geringen Mengen (bis 3\u00a0%) zugesetzt, damit der Apfelwein als...<\/div>\t\t\n\t\t\t\t\t\t\t\t\t\t\t\t\t\t\t\t<\/div>\n\t\t\t\t\t\t\t\t\t\t\t<\/div>\n\t\t\t\t\t<div class=\"wphtsp-feature-img\">\n\t\t\t\t\t\t\t\t\t\t\t<\/div>\n\t\t\t\t\t\t\t<\/div>\n\t\t<\/div>\n\t\t\t<div class=\"wphtsp-slider-nav-content\">\n\t\t\t<div class=\"wphtsp-slider-nav-wrapper wphtsp-img-bottom\" style=\"background:#ffffff\">\n\t\t\t\t\t\t\t\t\t<div class=\"wphtsp-content-wrapper\">\t\t\n\n\t\t\t\t\t\t\n\t\t\t\t\t\t\t\n\t\t\t\t\t\t\t<div class=\"wphtsp-content\">\n\t\t\t\t\t\t\t\t\t\t\t\t\t\t\t\t\t<div class=\"wphtsp-tl-content\" style=\"color:#424242\">\u25ca Goldparm\u00e4ne\u00a0\u25ca\u00a0\u00a0&gt;&gt; Tafelapfel, 1204 in England entstanden, pfl\u00fcckreif Ende September, genussreif Oktober bis Januar, saftig und nussig gew\u00fcrzt<\/div>\t\t\n\t\t\t\t\t\t\t\t\t\t\t\t\t\t\t\t<\/div>\n\t\t\t\t\t\t\t\t\t\t\t<\/div>\n\t\t\t\t\t<div class=\"wphtsp-feature-img\">\n\t\t\t\t\t\t\t\t\t\t\t<\/div>\n\t\t\t\t\t\t\t<\/div>\n\t\t<\/div>\n\t\t\t<div class=\"wphtsp-slider-nav-content\">\n\t\t\t<div class=\"wphtsp-slider-nav-wrapper wphtsp-img-bottom\" style=\"background:#ffffff\">\n\t\t\t\t\t\t\t\t\t<div class=\"wphtsp-content-wrapper\">\t\t\n\n\t\t\t\t\t\t\n\t\t\t\t\t\t\t\n\t\t\t\t\t\t\t<div class=\"wphtsp-content\">\n\t\t\t\t\t\t\t\t\t\t\t\t\t\t\t\t\t<div class=\"wphtsp-tl-content\" style=\"color:#424242\">\u25ca Rheinischer Krummstiel\u00a0\u25ca\u00a0 &gt;&gt; Tafel-\/Wirtschaftsapfel, als Zufallss\u00e4mling vor 1800 entstanden,\u00a0pfl\u00fcckreif erst Ende Oktober, genussreif Dezember bis Mai, m\u00e4\u00dfiges Aroma, das sich erst beim Lagern ausbildet<\/div>\t\t\n\t\t\t\t\t\t\t\t\t\t\t\t\t\t\t\t<\/div>\n\t\t\t\t\t\t\t\t\t\t\t<\/div>\n\t\t\t\t\t<div class=\"wphtsp-feature-img\">\n\t\t\t\t\t\t\t\t\t\t\t<\/div>\n\t\t\t\t\t\t\t<\/div>\n\t\t<\/div>\n\t\t\t<div class=\"wphtsp-slider-nav-content\">\n\t\t\t<div class=\"wphtsp-slider-nav-wrapper wphtsp-img-bottom\" style=\"background:#ffffff\">\n\t\t\t\t\t\t\t\t\t<div class=\"wphtsp-content-wrapper\">\t\t\n\n\t\t\t\t\t\t\n\t\t\t\t\t\t\t\n\t\t\t\t\t\t\t<div class=\"wphtsp-content\">\n\t\t\t\t\t\t\t\t\t\t\t\t\t\t\t\t\t<div class=\"wphtsp-tl-content\" style=\"color:#424242\">\u25ca Anhalterapfel\u00a0\u25ca\u00a0\u00a0&gt;&gt; Wirtschafts-\/Mostapfel, alte Sorte aus dem Taunus (Hessen-Nassau),\u00a0in Kronberg gezogen,\u00a0selten, vereinzelt noch auf Streuobstwiesen, pfl\u00fcckreif Mitte Oktober, genussreif bis M\u00e4rz, saftig mit ausgewogenem\u00a0Zucker-S\u00e4ure-Verh\u00e4ltnis, etwas derb<\/div>\t\t\n\t\t\t\t\t\t\t\t\t\t\t\t\t\t\t\t<\/div>\n\t\t\t\t\t\t\t\t\t\t\t<\/div>\n\t\t\t\t\t<div class=\"wphtsp-feature-img\">\n\t\t\t\t\t\t\t\t\t\t\t<\/div>\n\t\t\t\t\t\t\t<\/div>\n\t\t<\/div>\n\t\t\t<div class=\"wphtsp-slider-nav-content\">\n\t\t\t<div class=\"wphtsp-slider-nav-wrapper wphtsp-img-bottom\" style=\"background:#ffffff\">\n\t\t\t\t\t\t\t\t\t<div class=\"wphtsp-content-wrapper\">\t\t\n\n\t\t\t\t\t\t\n\t\t\t\t\t\t\t\n\t\t\t\t\t\t\t<div class=\"wphtsp-content\">\n\t\t\t\t\t\t\t\t\t\t\t\t\t\t\t\t\t<div class=\"wphtsp-tl-content\" style=\"color:#424242\">\u25ca Gloster 69\u00a0\u25ca\u00a0\u00a0&gt;&gt; Tafelobst, 1951 gez\u00fcchtet, kam 1969 in den Handel, pfl\u00fcckreif Ende September, genussreif bis November, s\u00e4uerlich saftig, in Biol\u00e4den noch zu finden<\/div>\t\t\n\t\t\t\t\t\t\t\t\t\t\t\t\t\t\t\t<\/div>\n\t\t\t\t\t\t\t\t\t\t\t<\/div>\n\t\t\t\t\t<div class=\"wphtsp-feature-img\">\n\t\t\t\t\t\t\t\t\t\t\t<\/div>\n\t\t\t\t\t\t\t<\/div>\n\t\t<\/div>\n\t\t\t<div class=\"wphtsp-slider-nav-content\">\n\t\t\t<div class=\"wphtsp-slider-nav-wrapper wphtsp-img-bottom\" style=\"background:#ffffff\">\n\t\t\t\t\t\t\t\t\t<div class=\"wphtsp-content-wrapper\">\t\t\n\n\t\t\t\t\t\t\n\t\t\t\t\t\t\t\n\t\t\t\t\t\t\t<div class=\"wphtsp-content\">\n\t\t\t\t\t\t\t\t\t\t\t\t\t\t\t\t\t<div class=\"wphtsp-tl-content\" style=\"color:#424242\">\u25ca Roter Trierer Weinapfel\u00a0\u25ca\u00a0\u00a0&gt;&gt; Kelterapfel, 1872 in Trier erstmalig beschrieben, pfl\u00fcckriefe Dezember, verarbeitbar bis April, kleine Fr\u00fcchte, s\u00e4uerlich und leicht herb<\/div>\t\t\n\t\t\t\t\t\t\t\t\t\t\t\t\t\t\t\t<\/div>\n\t\t\t\t\t\t\t\t\t\t\t<\/div>\n\t\t\t\t\t<div class=\"wphtsp-feature-img\">\n\t\t\t\t\t\t\t\t\t\t\t<\/div>\n\t\t\t\t\t\t\t<\/div>\n\t\t<\/div>\n\t\t\t<div class=\"wphtsp-slider-nav-content\">\n\t\t\t<div class=\"wphtsp-slider-nav-wrapper wphtsp-img-bottom\" style=\"background:#ffffff\">\n\t\t\t\t\t\t\t\t\t<div class=\"wphtsp-content-wrapper\">\t\t\n\n\t\t\t\t\t\t\n\t\t\t\t\t\t\t\n\t\t\t\t\t\t\t<div class=\"wphtsp-content\">\n\t\t\t\t\t\t\t\t\t\t\t\t\t\t\t\t\t<div class=\"wphtsp-tl-content\" style=\"color:#424242\">\u25ca Goldparm\u00e4ne\u00a0\u25ca\u00a0 &gt;&gt; Tafelapfel, 1204 in England entstanden, pfl\u00fcckreif Ende September, genussreif Oktober bis Januar, saftig und nussig gew\u00fcrzt<\/div>\t\t\n\t\t\t\t\t\t\t\t\t\t\t\t\t\t\t\t<\/div>\n\t\t\t\t\t\t\t\t\t\t\t<\/div>\n\t\t\t\t\t<div class=\"wphtsp-feature-img\">\n\t\t\t\t\t\t\t\t\t\t\t<\/div>\n\t\t\t\t\t\t\t<\/div>\n\t\t<\/div>\n\t\t\t<div class=\"wphtsp-slider-nav-content\">\n\t\t\t<div class=\"wphtsp-slider-nav-wrapper wphtsp-img-bottom\" style=\"background:#ffffff\">\n\t\t\t\t\t\t\t\t\t<div class=\"wphtsp-content-wrapper\">\t\t\n\n\t\t\t\t\t\t\n\t\t\t\t\t\t\t\n\t\t\t\t\t\t\t<div class=\"wphtsp-content\">\n\t\t\t\t\t\t\t\t\t\t\t\t\t\t\t\t\t<div class=\"wphtsp-tl-content\" style=\"color:#424242\">\u25ca Kaiser Wilhelm \u25ca\u00a0\u00a0&gt;&gt; Tafel-\/Kelterapfel, 1875 dem Kaiser vorgestellt und \"f\u00fcr gut befunden\", alte Apfelsorte des Jahres 2012, pfl\u00fcckreif September, lagerf\u00e4hig bis April, himbeerartig<\/div>\t\t\n\t\t\t\t\t\t\t\t\t\t\t\t\t\t\t\t<\/div>\n\t\t\t\t\t\t\t\t\t\t\t<\/div>\n\t\t\t\t\t<div class=\"wphtsp-feature-img\">\n\t\t\t\t\t\t\t\t\t\t\t<\/div>\n\t\t\t\t\t\t\t<\/div>\n\t\t<\/div>\n\t\t\t<div class=\"wphtsp-slider-nav-content\">\n\t\t\t<div class=\"wphtsp-slider-nav-wrapper wphtsp-img-bottom\" style=\"background:#ffffff\">\n\t\t\t\t\t\t\t\t\t<div class=\"wphtsp-content-wrapper\">\t\t\n\n\t\t\t\t\t\t\n\t\t\t\t\t\t\t\n\t\t\t\t\t\t\t<div class=\"wphtsp-content\">\n\t\t\t\t\t\t\t\t\t\t\t\t\t\t\t\t\t<div class=\"wphtsp-tl-content\" style=\"color:#424242\">\u25ca Jakob Lebel\u00a0\u25ca\u00a0\u00a0&gt;&gt; Tafel-\/Wirtschafts-\/Mostapfel, 1825 von Jaques\u00a0Lebel in Frankreich gez\u00fcchtet, pfl\u00fcckreif Ende September, genussreif Oktober bis Dezember, sehr saftig, sp\u00e4ter m\u00fcrbe und leicht s\u00e4uerlich, gut f\u00fcr Kuchen geeignet<\/div>\t\t\n\t\t\t\t\t\t\t\t\t\t\t\t\t\t\t\t<\/div>\n\t\t\t\t\t\t\t\t\t\t\t<\/div>\n\t\t\t\t\t<div class=\"wphtsp-feature-img\">\n\t\t\t\t\t\t\t\t\t\t\t<\/div>\n\t\t\t\t\t\t\t<\/div>\n\t\t<\/div>\n\t\t\t<div class=\"wphtsp-slider-nav-content\">\n\t\t\t<div class=\"wphtsp-slider-nav-wrapper wphtsp-img-bottom\" style=\"background:#ffffff\">\n\t\t\t\t\t\t\t\t\t<div class=\"wphtsp-content-wrapper\">\t\t\n\n\t\t\t\t\t\t\n\t\t\t\t\t\t\t\n\t\t\t\t\t\t\t<div class=\"wphtsp-content\">\n\t\t\t\t\t\t\t\t\t\t\t\t\t\t\t\t\t<div class=\"wphtsp-tl-content\" style=\"color:#424242\">\u25ca Roter Berlepsch\u00a0\u25ca\u00a0\u00a0&gt;&gt; Tafelapfel, Z\u00fcchtung von 1880, pfl\u00fcckreif Ende September,\u00a0genussreif Januar bis M\u00e4rz, sehr saftig, erfrischend, au\u00dferordentlich kr\u00e4ftig gew\u00fcrzt, sehr\u00a0hoher Vitamin-C-Gehalt<\/div>\t\t\n\t\t\t\t\t\t\t\t\t\t\t\t\t\t\t\t<\/div>\n\t\t\t\t\t\t\t\t\t\t\t<\/div>\n\t\t\t\t\t<div class=\"wphtsp-feature-img\">\n\t\t\t\t\t\t\t\t\t\t\t<\/div>\n\t\t\t\t\t\t\t<\/div>\n\t\t<\/div>\n\t\t\t<div class=\"wphtsp-slider-nav-content\">\n\t\t\t<div class=\"wphtsp-slider-nav-wrapper wphtsp-img-bottom\" style=\"background:#ffffff\">\n\t\t\t\t\t\t\t\t\t<div class=\"wphtsp-content-wrapper\">\t\t\n\n\t\t\t\t\t\t\n\t\t\t\t\t\t\t\n\t\t\t\t\t\t\t<div class=\"wphtsp-content\">\n\t\t\t\t\t\t\t\t\t\t\t\t\t\t\t\t\t<div class=\"wphtsp-tl-content\" style=\"color:#424242\">\u25ca Roter Boskoop\u00a0\u25ca\u00a0\u00a0&gt;&gt;\u00a0Tafel-\/Wirtschaftsapfel,\u00a01923 im Rheinland entstanden, pfl\u00fcckreif Mitte Oktober, genussreif November bis April, erfrischend s\u00fc\u00dfsauer<\/div>\t\t\n\t\t\t\t\t\t\t\t\t\t\t\t\t\t\t\t<\/div>\n\t\t\t\t\t\t\t\t\t\t\t<\/div>\n\t\t\t\t\t<div class=\"wphtsp-feature-img\">\n\t\t\t\t\t\t\t\t\t\t\t<\/div>\n\t\t\t\t\t\t\t<\/div>\n\t\t<\/div>\n\t\t\t<div class=\"wphtsp-slider-nav-content\">\n\t\t\t<div class=\"wphtsp-slider-nav-wrapper wphtsp-img-bottom\" style=\"background:#ffffff\">\n\t\t\t\t\t\t\t\t\t<div class=\"wphtsp-content-wrapper\">\t\t\n\n\t\t\t\t\t\t\n\t\t\t\t\t\t\t\n\t\t\t\t\t\t\t<div class=\"wphtsp-content\">\n\t\t\t\t\t\t\t\t\t\t\t\t\t\t\t\t\t<div class=\"wphtsp-tl-content\" style=\"color:#424242\">\u25ca\u00a0Gravensteiner\u00a0\u25ca\u00a0\u00a0&gt;&gt;\u00a0Tafelapfel\/Brennfrucht, seit 1669 bekannt, pfl\u00fcckreif\u00a0September, genussreif bis November, edelaromatische Frucht\u00a0mit starkem Geruch<\/div>\t\t\n\t\t\t\t\t\t\t\t\t\t\t\t\t\t\t\t<\/div>\n\t\t\t\t\t\t\t\t\t\t\t<\/div>\n\t\t\t\t\t<div class=\"wphtsp-feature-img\">\n\t\t\t\t\t\t\t\t\t\t\t<\/div>\n\t\t\t\t\t\t\t<\/div>\n\t\t<\/div>\n\t\t\t<div class=\"wphtsp-slider-nav-content\">\n\t\t\t<div class=\"wphtsp-slider-nav-wrapper wphtsp-img-bottom\" style=\"background:#ffffff\">\n\t\t\t\t\t\t\t\t\t<div class=\"wphtsp-content-wrapper\">\t\t\n\n\t\t\t\t\t\t\n\t\t\t\t\t\t\t\n\t\t\t\t\t\t\t<div class=\"wphtsp-content\">\n\t\t\t\t\t\t\t\t\t\t\t\t\t\t\t\t\t<div class=\"wphtsp-tl-content\" style=\"color:#424242\">\u25ca\u00a0Kelsterbacher\u00a0\u25ca\u00a0 auch \"Ruhm von Kelsterbach\",\u00a0&gt;&gt; Kelterapfel aus Kelsterbach, fest und sauer, kaum noch Beschreibungen auffindbar<\/div>\t\t\n\t\t\t\t\t\t\t\t\t\t\t\t\t\t\t\t<\/div>\n\t\t\t\t\t\t\t\t\t\t\t<\/div>\n\t\t\t\t\t<div class=\"wphtsp-feature-img\">\n\t\t\t\t\t\t\t\t\t\t\t<\/div>\n\t\t\t\t\t\t\t<\/div>\n\t\t<\/div>\n\t\t\t<div class=\"wphtsp-slider-nav-content\">\n\t\t\t<div class=\"wphtsp-slider-nav-wrapper wphtsp-img-bottom\" style=\"background:#ffffff\">\n\t\t\t\t\t\t\t\t\t<div class=\"wphtsp-content-wrapper\">\t\t\n\n\t\t\t\t\t\t\n\t\t\t\t\t\t\t\n\t\t\t\t\t\t\t<div class=\"wphtsp-content\">\n\t\t\t\t\t\t\t\t\t\t\t\t\t\t\t\t\t<div class=\"wphtsp-tl-content\" style=\"color:#424242\">\u25ca Rheinischer Winterrambur \u25ca\u00a0 &gt;&gt;Tafel-\/Wirtschaftsapfel, alte Sorte aus dem 17. Jh., pfl\u00fcckreif Ende Oktober, genussreif Dezember bis April, m\u00e4\u00dfig saftig und s\u00e4uerlich, wenig Aroma<\/div>\t\t\n\t\t\t\t\t\t\t\t\t\t\t\t\t\t\t\t<\/div>\n\t\t\t\t\t\t\t\t\t\t\t<\/div>\n\t\t\t\t\t<div class=\"wphtsp-feature-img\">\n\t\t\t\t\t\t\t\t\t\t\t<\/div>\n\t\t\t\t\t\t\t<\/div>\n\t\t<\/div>\n\t\t\t<div class=\"wphtsp-slider-nav-content\">\n\t\t\t<div class=\"wphtsp-slider-nav-wrapper wphtsp-img-bottom\" style=\"background:#ffffff\">\n\t\t\t\t\t\t\t\t\t<div class=\"wphtsp-content-wrapper\">\t\t\n\n\t\t\t\t\t\t\n\t\t\t\t\t\t\t\n\t\t\t\t\t\t\t<div class=\"wphtsp-content\">\n\t\t\t\t\t\t\t\t\t\t\t\t\t\t\t\t\t<div class=\"wphtsp-tl-content\" style=\"color:#424242\">\u25ca Rheinische Schafsnase\u00a0\u25ca\u00a0 &gt;&gt;\u00a0Wirtschafts-\/Kelterapfel, aus Hessen-Nassau, pfl\u00fcckreife Oktober, genussreife Dezember bis April, saftig und s\u00e4uerlich<\/div>\t\t\n\t\t\t\t\t\t\t\t\t\t\t\t\t\t\t\t<\/div>\n\t\t\t\t\t\t\t\t\t\t\t<\/div>\n\t\t\t\t\t<div class=\"wphtsp-feature-img\">\n\t\t\t\t\t\t\t\t\t\t\t<\/div>\n\t\t\t\t\t\t\t<\/div>\n\t\t<\/div>\n\t\t\t<div class=\"wphtsp-slider-nav-content\">\n\t\t\t<div class=\"wphtsp-slider-nav-wrapper wphtsp-img-bottom\" style=\"background:#ffffff\">\n\t\t\t\t\t\t\t\t\t<div class=\"wphtsp-content-wrapper\">\t\t\n\n\t\t\t\t\t\t\n\t\t\t\t\t\t\t\n\t\t\t\t\t\t\t<div class=\"wphtsp-content\">\n\t\t\t\t\t\t\t\t\t\t\t\t\t\t\t\t\t<div class=\"wphtsp-tl-content\" style=\"color:#424242\">\u25ca Wei\u00dfer Klarapfel \u25ca\u00a0\u00a0 &gt;&gt; Tafel-\/Wirtschaftsapfel, 1852 aus Lettland gekommen, pfl\u00fcckreif schon Anfang August, nur kurze Zeit haltbar, saftig mit erfrischender S\u00e4ure und charakteristischem Geruch\u00a0 Baum 27: Sorte unbekannt, wird noch bestimmt.<\/div>\t\t\n\t\t\t\t\t\t\t\t\t\t\t\t\t\t\t\t<\/div>\n\t\t\t\t\t\t\t\t\t\t\t<\/div>\n\t\t\t\t\t<div class=\"wphtsp-feature-img\">\n\t\t\t\t\t\t\t\t\t\t\t<\/div>\n\t\t\t\t\t\t\t<\/div>\n\t\t<\/div>\n\t<\/div>\t\t\t<\/div>\r\n\t\t\t<div class=\"wphtsp-slider-conf\" data-conf=\"{&quot;dots&quot;:&quot;false&quot;,&quot;arrows&quot;:&quot;true&quot;,&quot;autoplay&quot;:&quot;false&quot;,&quot;autoplayInterval&quot;:&quot;3000&quot;,&quot;speed&quot;:&quot;300&quot;,&quot;fade&quot;:&quot;false&quot;,&quot;adaptiveheight&quot;:&quot;true&quot;,&quot;slidestoshow&quot;:&quot;5&quot;,&quot;first_slide&quot;:&quot;0&quot;,&quot;nav_centermode&quot;:&quot;true&quot;,&quot;rtl&quot;:&quot;false&quot;}\"><\/div>\r\n\t\t<\/div>\r\n\t\n[\/et_pb_text][\/et_pb_column][\/et_pb_row][\/et_pb_section]\n","protected":false},"excerpt":{"rendered":"<p>[et_pb_section fb_built=&#8220;1&#8243; admin_label=&#8220;section&#8220; _builder_version=&#8220;3.22&#8243;][et_pb_row admin_label=&#8220;row&#8220; _builder_version=&#8220;3.25&#8243; background_size=&#8220;initial&#8220; background_position=&#8220;top_left&#8220; background_repeat=&#8220;repeat&#8220;][et_pb_column type=&#8220;4_4&#8243; _builder_version=&#8220;3.25&#8243; custom_padding=&#8220;|||&#8220; custom_padding__hover=&#8220;|||&#8220;][et_pb_text admin_label=&#8220;Apfelpark-Text mit Bildern&#8220; _builder_version=&#8220;4.5.3&#8243; background_size=&#8220;initial&#8220; background_position=&#8220;top_left&#8220; background_repeat=&#8220;repeat&#8220; hover_enabled=&#8220;0&#8243; border_style=&#8220;solid&#8220;] \u00a0 Der Oberstedter \u00c4ppelpark \u00a0 Seit mehr als 15 Jahren hat Oberstedten einen \u00c4ppelpark. Die kleine Wiesenfl\u00e4che gegen\u00fcber dem REWE-Markt war urspr\u00fcnglich mit Laubb\u00e4umchen bepflanzt worden, als der Ortseingang im Zusammenhang mit der [&hellip;]<\/p>\n","protected":false},"author":1,"featured_media":2209,"comment_status":"open","ping_status":"open","sticky":false,"template":"","format":"standard","meta":{"_et_pb_use_builder":"on","_et_pb_old_content":"<h5><img class=\" wp-image-1385 alignnone\" src=\"http:\/\/oberstedten.info\/wp-content\/uploads\/2017\/01\/ICONC063-e1483878233268.png\" alt=\"\" width=\"41\" height=\"39\" \/>\u00a0 Der Oberstedter Apfelpark<\/h5><p>Seit mehr als 7 Jahren\u00a0hat Oberstedten etwas ganz besonderes, n\u00e4mlich einen Apfelpark. Die kleine Wiesenfl\u00e4che war urspr\u00fcnglich mit Laubb\u00e4umchen bepflanzt worden, als der Ortseingang im Zusammenhang mit der Erstellung eines \u00f6ffentlichen Parkplatzes neu gestaltet wurde. Die kleinen Ah\u00f6rner und andere Laubb\u00e4umchen gingen bald ein. Oberstedter Politiker und der Vereinsring\u00a0hatten die Idee, mit einem Apfelpark an die vielen Streuobstwiesen zu erinnern, die fr\u00fcher um ganz Oberstedten herum verteilt waren und bewirtschaftet wurden. Gleichzeitig sollte auch etwas zu Erhalt alter Apfelsorten getan werden. Die Idee wurde mit Hilfe vieler Spender und der Hilfe von Kennern alter Apfelsorten schnell umgesetzt. Auf einem Findling\u00a0erinnert eine Bronzetafel\u00a0an die\u00a0edlen Spender.<br \/> Obwohl der kleine Park direkt an der Stra\u00dfe am Ortseingang gegen\u00fcber dem neuen REWE-Markt liegt, ist der Apfelpark nicht nur ein kleines \u00f6kologisches Refugium, sondern auch ein p\u00e4dagogisch nutzbares Kleinod.\u00a0Hier k\u00f6nnen Gro\u00df und Klein ein Gef\u00fchl f\u00fcr die Vielfalt der Natur und\u00a0unser bestes und ges\u00fcndestes Obst finden (\"One apple a Day keeps the doctor away\").<br \/> Hier findet man fast\u00a0<strong>30 Apfelb\u00e4ume<\/strong>. In der Mitte (Nr. 12) steht ein heute sehr<strong> seltener Speierling<\/strong>, der kein Apfelbaum sondern eine Ebereschenart ist. Aber die kleinen birnenf\u00f6rmigen Fr\u00fcchte wurden immer schon dem Apfelwein beigesetzt, um ihn klarer und haltbarer zu machen und ihm geschmacklich f\u00fcr echte Liebhaber des \u00c4pplers den letzten Kick zu geben.<br \/> Vor dem Apfelpark feiern Vertreter aus der Politik, den Vereinen und interessierte B\u00fcrger Mitte April immer das <strong>Apfelbl\u00fctenfest<\/strong> mit Grillw\u00fcrstchen und Getr\u00e4nken, wobei ein guter Apfelwein nicht fehlen darf. Manchmal wurden\u00a0im Apfelpark\u00a0auch schon <strong>Baumschnittkurse<\/strong> f\u00fcr Hobbyg\u00e4rtner durchgef\u00fchrt.<br \/> Allerdings kann nicht jeder die\u00a0Apfelb\u00e4ume einfach ernten. Aber sicher hat niemand etwas dagegen, wenn\u00a0ein besonders sch\u00f6ner\u00a0Apfel, der einen bei einem Besuch des Apfelparks anlacht, probiert wird.<br \/> Neben B\u00e4nken zum Ausruhen findet man auch ein <strong>St\u00fcck der Berliner Mauer zum Gedenken an den Mauerfall<\/strong> am 9. November 1989 und die dann folgende Wiedervereinigung Deutschlands mit dem Ende des Kalten Krieges (vor Baum Nr. 25). Auch der<strong> \"Stedter Wetterstein\"<\/strong> wird gerne besucht, denn er sagt alles zuverl\u00e4ssig \u00fcber das Wetter aus, was man wissen muss (vor Baum Nr. 28).<br \/> Nat\u00fcrlich\u00a0sind die besten Zeiten zum Besuch des Apfelparks im Mai, wenn die Apfelb\u00e4ume bl\u00fchen oder im Herbst, wenn die B\u00e4ume ihre Fr\u00fcchte tragen.<\/p><p>Die Karte und die Klicktabelle unten helfen, die verschiedenen Apfelsorten zu bestimmen und kurze Informationen dazu zu bekommen.<\/p><p>\u00a0<\/p><p><img class=\"alignleft wp-image-2206 size-large\" src=\"http:\/\/oberstedten.info\/wp-content\/uploads\/2017\/03\/Apfelpark-1-1024x691.png\" alt=\"\" width=\"1024\" height=\"691\" \/><\/p><h3>\u00a0<\/h3><p>\u00a0<\/p><h3>Alte und neue Apfelsorten im Oberstedter Apfelpark<\/h3><p>Name und kurze Infos \u00fcber die\u00a0Apfelb\u00e4ume\u00a0durch Klick auf die Nummer<\/p><p>[su_tabs]<br \/> [su_tab title=\"1\"] [su_animate type=\"fadeInUp\"] <strong>D\u00fclmener Herbstrosenapfel<\/strong><br \/> Tafelapfel, um 1870 bei D\u00fclmen\/Westfalen gefunden, Pfl\u00fcckreife Mitte September, genussreif bis Mitte November, saftig mit aromatisch milder S\u00e4ure [\/su_animate] [\/su_tab]<br \/> [su_tab title=\"2\"] [su_animate type=\"fadeInUp\"] <strong>Zuccalmagliorenette<\/strong><br \/> Tafelapfel, Z\u00fcchtung\u00a0in Grevenbroich 1878, Pfl\u00fcckreif Oktober, genussreif November bis Februar, feinw\u00fcrziges Aroma [\/su_animate] [\/su_tab]<br \/> [su_tab title=\"3\"] [su_animate type=\"fadeInUp\"] <strong>Gelber Edelapfel<\/strong><br \/> Back- und Dessertapfel\/K\u00fcchenapfel, Zufallss\u00e4mling aus England 1820, pfl\u00fcckreif Ende September, genussreif bis Januar, feinw\u00fcrzige bis kr\u00e4ftige S\u00e4ure, reich an Vitamin C [\/su_animate] [\/su_tab]<br \/> [su_tab title=\"4\"] [su_animate type=\"fadeInUp\"]\u00a0<strong>Danziger Kantapfel\u00a0<\/strong>auch Schw\u00e4bischer Rosenapfel oder Liebesapfel<br \/> Tafelapfel, druckempfindlich, sehr alte Sorte unbekannter Herkunft, schon 1760 beschrieben, pfl\u00fcckreif Ende September, genussreif bis Dezember, saftig, s\u00e4uerlich [\/su_animate] [\/su_tab]<br \/> [su_tab title=\"5\"] [su_animate type=\"fadeInUp\"]\u00a0<strong>Hauxapfel<\/strong><br \/> Wirtschaftsapfel\/Fallobst zur weiteren Verarbeitung als Kelterapfel, 1920 aus Roter Trierer Weinapfel gez\u00fcchtet, pfl\u00fcckreif ab Mitte Oktober, lager- und verarbeitungsf\u00e4hig bis M\u00e4rz, wenig saftig und fest, sp\u00e4ter m\u00fcrbe mit fruchtigem hohen\u00a0S\u00e4uregehalt\u00a0[\/su_animate] [\/su_tab]<br \/> [su_tab title=\"6\"] [su_animate type=\"fadeInUp\"]\u00a0<strong>Gravensteiner<\/strong><br \/> Tafelapfel, Brennfrucht, Herkunft unklar, seit 1669 bekannt, pfl\u00fcckreif Anfang September, haltbar bis November, hervorragender Geruch, edelaromatisch [\/su_animate] [\/su_tab]<br \/> [su_tab title=\"7\"] [su_animate type=\"fadeInUp\"]\u00a0<strong>Ananasrenette<\/strong><br \/> Tafelapfel im Hausgarten, seit 1840 bekannt, pfl\u00fcckreif Ende Oktober, genussreif Februar bis Mai, s\u00e4uerlich-s\u00fc\u00df, wenig aromatisch [\/su_animate] [\/su_tab]<br \/> [su_tab title=\"8\"] [su_animate type=\"fadeInUp\"]\u00a0<strong>Ditzels Rosenapfel<\/strong><br \/> Wirtschafts-\/Kelterapfel, aus Zucht von Marie Ditzel 1890, gef\u00e4hrdete Art (<span style=\"color: #ff0000;\">rote Liste<\/span>), pfl\u00fcckreif ab Mitte Oktober, genussreif von Dezember bis M\u00e4rz, saftig und weins\u00e4uerlich\u00a0[\/su_animate] [\/su_tab]<br \/> [su_tab title=\"9\"] [su_animate type=\"fadeInUp\"]\u00a0<strong>Gravensteiner<\/strong><br \/> Tafelapfel\/Brennfrucht, seit 1669 bekannt, pfl\u00fcckreif\u00a0September, genussreif bis November, edelaromatische Frucht\u00a0mit starkem Geruch\u00a0\u00a0[\/su_animate] [\/su_tab]<br \/> [su_tab title=\"10\"] [su_animate type=\"fadeInUp\"]\u00a0<strong>Gew\u00fcrzluikenapfel<\/strong><br \/> Tafel- und Mostapfel, Zufallss\u00e4mling von 1885, pfl\u00fcckreif Mitte Oktober, genussreif bis Dezember, s\u00fc\u00dfaromatisch, sehr saftig [\/su_animate] [\/su_tab]<br \/> [su_tab title=\"11\"] [su_animate type=\"fadeInUp\"]\u00a0<strong>Roter Berlepsch<\/strong><br \/> Tafelapfel, Z\u00fcchtung von 1880, pfl\u00fcckreif Ende September,\u00a0genussreif Januar bis M\u00e4rz, sehr saftig, erfrischend, au\u00dferordentlich kr\u00e4ftig gew\u00fcrzt, sehr\u00a0hoher Vitamin-C-Gehalt [\/su_animate] [\/su_tab]<br \/> [su_tab title=\"12\"] [su_animate type=\"fadeInUp\"]\u00a0<strong>Speierling<\/strong><br \/> auch Sporapfel genannt, ist aber kein Apfelbaum, seit der Antike als Nahrungsmittel gesch\u00e4tzt, die R\u00f6mer sorgten f\u00fcr eine zus\u00e4tzliche Verbreitung n\u00f6rdlich der Alpen, <span style=\"color: #ff0000;\">eine der seltensten Baumarten in Deutschland<\/span>,\u00a0\u00a0r\u00fcckl\u00e4ufiger Bestand, wegen seiner im Vorreifezustand gerbstoffreichen Fr\u00fcchte wir der Saft\u00a0im Frankfurter Raum\u00a0manchmal bei der Herstellung von Apfelwein in geringen Mengen (bis 3\u00a0%) zugesetzt, damit der Apfelwein als Spezialit\u00e4t klarer, haltbarer und herber wird\u00a0[\/su_animate] [\/su_tab]<br \/> [su_tab title=\"13\"] [su_animate type=\"fadeInUp\"]\u00a0<strong>Goldparm\u00e4ne<\/strong><br \/> Tafelapfel, 1204 in England entstanden, pfl\u00fcckreif Ende September, genussreif Oktober bis Januar, saftig und nussig gew\u00fcrzt [\/su_animate] [\/su_tab]<br \/> [su_tab title=\"14\"] [su_animate type=\"fadeInUp\"]\u00a0<strong>Rheinischer Krummstiel<\/strong><br \/> Tafel-\/Wirtschaftsapfel, als Zufallss\u00e4mling vor 1800 entstanden,\u00a0pfl\u00fcckreif erst Ende Oktober, genussreif Dezember bis Mai, m\u00e4\u00dfiges Aroma, das sich erst beim Lagern ausbildet\u00a0[\/su_animate] [\/su_tab]<br \/> [su_tab title=\"15\"] [su_animate type=\"fadeInUp\"]\u00a0<strong>Rheinische Schafsnase<\/strong><br \/> Wirtschafts-\/Kelterapfel, aus Hessen-Nassau, pfl\u00fcckreife Oktober, genussreife Dezember bis April, saftig und s\u00e4uerlich\u00a0[\/su_animate] [\/su_tab]<br \/> [su_tab title=\"16\"] [su_animate type=\"fadeInUp\"]\u00a0<strong>Anhalterapfel<\/strong><br \/> Wirtschafts-\/Mostapfel, alte Sorte aus dem Taunus (Hessen-Nassau),\u00a0in Kronberg gezogen,<span style=\"color: #ff0000;\">\u00a0selten<\/span>, vereinzelt noch auf Streuobstwiesen, pfl\u00fcckreif Mitte Oktober, genussreif bis M\u00e4rz, saftig mit ausgewogenem\u00a0Zucker-S\u00e4ure-Verh\u00e4ltnis, etwas derb\u00a0\u00a0[\/su_animate] [\/su_tab]<br \/> [su_tab title=\"17\"] [su_animate type=\"fadeInUp\"]\u00a0<strong>Gloster 69<\/strong><br \/> Tafelobst, 1951 gez\u00fcchtet, kam 1969 in den Handel, pfl\u00fcckreif Ende September, genussreif bis November, s\u00e4uerlich saftig, in Biol\u00e4den noch zu finden\u00a0[\/su_animate] [\/su_tab]<br \/> [su_tab title=\"18\"] [su_animate type=\"fadeInUp\"] <strong>Roter Trierer Weinapfel<\/strong><br \/> Kelterapfel, 1872 in Trier erstmalig beschrieben, pfl\u00fcckriefe Dezember, verarbeitbar bis April, kleine Fr\u00fcchte, s\u00e4uerlich und leicht herb[\/su_animate] [\/su_tab]<br \/> [su_tab title=\"19\"] [su_animate type=\"fadeInUp\"]\u00a0<strong>Goldparm\u00e4ne<\/strong><br \/> Tafelapfel, 1204 in England entstanden, pfl\u00fcckreif Ende September, genussreif Oktober bis Januar, saftig und nussig gew\u00fcrzt [\/su_animate] [\/su_tab]<br \/> [su_tab title=\"20\"] [su_animate type=\"fadeInUp\"]\u00a0<strong>Cox Orange Renette<\/strong><br \/> Tafelapfel, 1825 in USA gezogen, pfl\u00fcckreif Oktober, genussreif bis Januar, feinw\u00fcrzig und edelaromatisch\u00a0[\/su_animate] [\/su_tab]<br \/> [su_tab title=\"21\"] [su_animate type=\"fadeInUp\"]\u00a0<strong>Gelber Belle Fleur<\/strong><br \/> Tafelapfel, 1750 in den USA gez\u00fcchtet, pfl\u00fcckreif Ende Oktober, genussreif November bis M\u00e4rz, m\u00e4\u00dfig saftig, fein gew\u00fcrzt, bananenartig\u00a0[\/su_animate] [\/su_tab]<br \/> [su_tab title=\"22\"] [su_animate type=\"fadeInUp\"]\u00a0<strong>Jakob Lebel<\/strong><br \/> Tafel-\/Wirtschafts-\/Mostapfel, 1825 von Jaques\u00a0Lebel in Frankreich gez\u00fcchtet, pfl\u00fcckreif Ende September, genussreif Oktober bis Dezember, sehr saftig, sp\u00e4ter m\u00fcrbe und leicht s\u00e4uerlich, gut f\u00fcr Kuchen geeignet [\/su_animate] [\/su_tab]<br \/> [su_tab title=\"23\"] [su_animate type=\"fadeInUp\"]\u00a0<strong>Roter Berlepsch<\/strong><br \/> Tafelapfel, Z\u00fcchtung von 1880, pfl\u00fcckreif Ende September,\u00a0genussreif Januar bis M\u00e4rz, sehr saftig, erfrischend, au\u00dferordentlich kr\u00e4ftig gew\u00fcrzt, sehr\u00a0hoher Vitamin-C-Gehalt [\/su_animate] [\/su_tab]<br \/> [su_tab title=\"24\"] [su_animate type=\"fadeInUp\"]\u00a0<strong>Roter Boskoop<\/strong><br \/> Tafel-\/Wirtschaftsapfel,\u00a01923 im Rheinland entstanden, pfl\u00fcckreif Mitte Oktober, genussreif November bis April, erfrischend s\u00fc\u00dfsauer\u00a0[\/su_animate] [\/su_tab]<br \/> [su_tab title=\"25\"] [su_animate type=\"fadeInUp\"]\u00a0<strong>Gravensteiner<\/strong><br \/> Tafelapfel\/Brennfrucht, seit 1669 bekannt, pfl\u00fcckreif\u00a0September, genussreif bis November, edelaromatische Frucht\u00a0mit starkem Geruch\u00a0\u00a0[\/su_animate] [\/su_tab]<br \/> [su_tab title=\"26\"] [su_animate type=\"fadeInUp\"]\u00a0<strong>Kelsterbacher<\/strong><br \/> auch \"Ruhm von Kelsterbach\",\u00a0Kelterapfel aus Kelsterbach, fest und sauer, kaum noch Beschreibungen auffindbar\u00a0[\/su_animate] [\/su_tab]<br \/> [su_tab title=\"27\"] [su_animate type=\"fadeInUp\"]\u00a0<strong>Rheinischer Winterambur<\/strong><br \/> Tafel-\/Wirtschaftsapfel, alte Sorte aus dem 17. Jh., pfl\u00fcckreif Ende Oktober, genussreif Dezember bis April, m\u00e4\u00dfig saftig und s\u00e4uerlich, wenig Aroma\u00a0[\/su_animate] [\/su_tab]<br \/> [su_tab title=\"28\"] [su_animate type=\"fadeInUp\"]\u00a0<strong>Rheinische Schafsnase<\/strong><br \/> Wirtschafts-\/Kelterapfel, aus Hessen-Nassau, pfl\u00fcckreife Oktober, genussreife Dezember bis April, saftig und s\u00e4uerlich\u00a0[\/su_animate] [\/su_tab][\/su_animate] [\/su_tab]<br \/> [su_tab title=\"29\"] [su_animate type=\"fadeInUp\"]\u00a0<strong>Wei\u00dfer Klarapfel<\/strong><br \/> Tafel-\/Wirtschaftsapfel, 1852 aus Lettland gekommen, pfl\u00fcckreif schon Anfang August, nur kurze Zeit haltbar, saftig mit erfrischender S\u00e4ure und charakteristischem Geruch\u00a0[\/su_animate] [\/su_tab]<br \/> [su_tab title=\"Gesamtliste\"] [su_animate type=\"fadeInUp\"]<br \/> 1 D\u00fclmener Herbstrosenapfel<br \/> 2 Zuccalmagliorenette<br \/> 3 Gelber Edelapfel<br \/> 4\u00a0Danziger Kantapfel<br \/> 5\u00a0Hauxapfel<br \/> 6\u00a0Gravensteiner<br \/> 7\u00a0Ananasrenette<br \/> 8\u00a0Ditzels Rosenapfel<br \/> 9\u00a0Gravensteiner<br \/> 10\u00a0Gew\u00fcrzluikenapfel<br \/> 11\u00a0Roter Berlepsch<br \/> 12\u00a0Sorbus Domestica<br \/> 13\u00a0Goldparm\u00e4ne<br \/> 14\u00a0Rheinischer Krummstiel<br \/> 15\u00a0Rheinische Schafsnase<br \/> 16\u00a0Anhalterapfel<br \/> 17\u00a0Gloster 69<br \/> 18 Roter Trierer Weinapfel<br \/> 19\u00a0Goldparm\u00e4ne<br \/> 20\u00a0Cox Orange Renette<br \/> 21\u00a0Gelber Belle Fleur<br \/> 22\u00a0Jakob Lebel<br \/> 23\u00a0Roter Berlepsch<br \/> 24\u00a0Roter Boskoop<br \/> 25\u00a0Gravensteiner<br \/> 26\u00a0Kelsterbacher<br \/> 27\u00a0Rheinischer<br \/> 28\u00a0Rheinische Schafsnase<br \/> 29\u00a0Wei\u00dfer Klarapfel<br \/> [\/su_animate] [\/su_tab]<\/p><p>[\/su_tabs]<\/p>","_et_gb_content_width":"","footnotes":""},"categories":[10],"tags":[125,124,20,165,164,38,126,128,129,127],"class_list":["post-2203","post","type-post","status-publish","format-standard","has-post-thumbnail","hentry","category-spaziergang","tag-alte-apfelsorten","tag-apfelpark","tag-ausflug-mit-kindern","tag-buergerstiftung-oberstedten","tag-horst-eufinger","tag-park","tag-speierling","tag-stedter-wetterstein","tag-streuobstwiese","tag-stueck-der-berliner-mauer"],"_links":{"self":[{"href":"https:\/\/oberstedten.info\/index.php?rest_route=\/wp\/v2\/posts\/2203","targetHints":{"allow":["GET"]}}],"collection":[{"href":"https:\/\/oberstedten.info\/index.php?rest_route=\/wp\/v2\/posts"}],"about":[{"href":"https:\/\/oberstedten.info\/index.php?rest_route=\/wp\/v2\/types\/post"}],"author":[{"embeddable":true,"href":"https:\/\/oberstedten.info\/index.php?rest_route=\/wp\/v2\/users\/1"}],"replies":[{"embeddable":true,"href":"https:\/\/oberstedten.info\/index.php?rest_route=%2Fwp%2Fv2%2Fcomments&post=2203"}],"version-history":[{"count":103,"href":"https:\/\/oberstedten.info\/index.php?rest_route=\/wp\/v2\/posts\/2203\/revisions"}],"predecessor-version":[{"id":2940,"href":"https:\/\/oberstedten.info\/index.php?rest_route=\/wp\/v2\/posts\/2203\/revisions\/2940"}],"wp:featuredmedia":[{"embeddable":true,"href":"https:\/\/oberstedten.info\/index.php?rest_route=\/wp\/v2\/media\/2209"}],"wp:attachment":[{"href":"https:\/\/oberstedten.info\/index.php?rest_route=%2Fwp%2Fv2%2Fmedia&parent=2203"}],"wp:term":[{"taxonomy":"category","embeddable":true,"href":"https:\/\/oberstedten.info\/index.php?rest_route=%2Fwp%2Fv2%2Fcategories&post=2203"},{"taxonomy":"post_tag","embeddable":true,"href":"https:\/\/oberstedten.info\/index.php?rest_route=%2Fwp%2Fv2%2Ftags&post=2203"}],"curies":[{"name":"wp","href":"https:\/\/api.w.org\/{rel}","templated":true}]}}